{"id":568,"date":"2012-03-19T19:42:55","date_gmt":"2012-03-19T18:42:55","guid":{"rendered":"http:\/\/elefantenmike.de\/blog\/?p=568"},"modified":"2016-10-22T22:59:37","modified_gmt":"2016-10-22T20:59:37","slug":"neu-vampir-gothic-15-nicht-von-dieser-welt","status":"publish","type":"post","link":"http:\/\/elefantenmike.de\/blog\/neu-vampir-gothic-15-nicht-von-dieser-welt\/","title":{"rendered":"Neu: Vampir Gothic 15: Nicht von dieser Welt"},"content":{"rendered":"<p>Zur Abwechslung mal wieder was erfreuliches: Neu erschienen ist jetzt der nunmehr vierte Band aus dem Zyklus &#8220;Schatten der Vergangenheit&#8221;.<\/p>\n<p><a href=\"http:\/\/elefantenmike.de\/blog\/wp-content\/uploads\/2012\/03\/VG15.jpg\"><img loading=\"lazy\" decoding=\"async\" src=\"http:\/\/elefantenmike.de\/blog\/wp-content\/uploads\/2012\/03\/VG15-201x300.jpg\" alt=\"Cover Vampir Gothic 15\" title=\"VG15\" width=\"201\" height=\"300\" class=\"alignright size-medium wp-image-569\" \/><\/a><\/p>\n<p>Elmar Fuchs und Alena Labastida sind, allen F\u00e4hrnissen zum Trotz, wieder zusammen. Doch bevor sie darangehen k\u00f6nnen, ihre vereinten Kr\u00e4fte der Suche nach einer R\u00fcckkehrm\u00f6glichkeit in ihre eigene Welt zu widmen, m\u00fcssen sie am Rande der Wei\u00dfen Klippen von Dubris einer erdr\u00fcckenden \u00dcbermacht trotzen. Die \u00dcberquerung des \u00c4rmelkanals bringt sie an die Grenzen ihrer Kraft &#8230;<\/p>\n<p>Hardcover mit Schutzumschlag, ca. 256 Seiten.<br \/>\nVerkaufspreis: 13,95 \u20ac<br \/>\nErh\u00e4ltlich bei den \u00fcblichen Verd\u00e4chtigen oder direkt bei der <a href=\"http:\/\/www.romantruhe.de\">Romantruhe.<\/a><\/p>\n","protected":false},"excerpt":{"rendered":"<p>Zur Abwechslung mal wieder was erfreuliches: Neu erschienen ist jetzt der nunmehr vierte Band aus dem Zyklus &#8220;Schatten der Vergangenheit&#8221;. Elmar Fuchs und Alena Labastida sind, allen F\u00e4hrnissen zum Trotz, wieder zusammen. Doch bevor sie darangehen k\u00f6nnen, ihre vereinten Kr\u00e4fte der Suche nach einer R\u00fcckkehrm\u00f6glichkeit in ihre eigene Welt zu widmen, m\u00fcssen sie am Rande &hellip; <a href=\"http:\/\/elefantenmike.de\/blog\/neu-vampir-gothic-15-nicht-von-dieser-welt\/\" class=\"more-link\"><span class=\"screen-reader-text\">\u201eNeu: Vampir Gothic 15: Nicht von dieser Welt\u201c<\/span> weiterlesen<\/a><\/p>\n","protected":false},"author":2,"featured_media":0,"comment_status":"open","ping_status":"open","sticky":false,"template":"","format":"standard","meta":{"_monsterinsights_skip_tracking":false,"_monsterinsights_sitenote_active":false,"_monsterinsights_sitenote_note":"","_monsterinsights_sitenote_category":0,"footnotes":""},"categories":[15,16,85],"tags":[120],"class_list":["post-568","post","type-post","status-publish","format-standard","hentry","category-lehmanns-wildes-leben","category-literarisches","category-vampir-gothic","tag-vampir-gothic"],"yoast_head":"<!-- This site is optimized with the Yoast SEO plugin v25.6 - https:\/\/yoast.com\/wordpress\/plugins\/seo\/ -->\n<title>Neu: Vampir Gothic 15: Nicht von dieser Welt - Kommissar Lehmann empfiehlt ...<\/title>\n<meta name=\"description\" content=\"Horror, Hupen, Trash!\" \/>\n<meta name=\"robots\" content=\"index, follow, max-snippet:-1, max-image-preview:large, max-video-preview:-1\" \/>\n<link rel=\"canonical\" href=\"http:\/\/elefantenmike.de\/blog\/neu-vampir-gothic-15-nicht-von-dieser-welt\/\" \/>\n<meta property=\"og:locale\" content=\"de_DE\" \/>\n<meta property=\"og:type\" content=\"article\" \/>\n<meta property=\"og:title\" content=\"Neu: Vampir Gothic 15: Nicht von dieser Welt - Kommissar Lehmann empfiehlt ...\" \/>\n<meta property=\"og:description\" content=\"Horror, Hupen, Trash!\" \/>\n<meta property=\"og:url\" content=\"http:\/\/elefantenmike.de\/blog\/neu-vampir-gothic-15-nicht-von-dieser-welt\/\" \/>\n<meta property=\"og:site_name\" content=\"Kommissar Lehmann empfiehlt ...\" \/>\n<meta property=\"article:published_time\" content=\"2012-03-19T18:42:55+00:00\" \/>\n<meta property=\"article:modified_time\" content=\"2016-10-22T20:59:37+00:00\" \/>\n<meta property=\"og:image\" content=\"http:\/\/elefantenmike.de\/blog\/wp-content\/uploads\/2012\/03\/VG15-201x300.jpg\" \/>\n<meta name=\"author\" content=\"Kommissar Lehmann\" \/>\n<meta name=\"twitter:card\" content=\"summary_large_image\" \/>\n<meta name=\"twitter:creator\" content=\"@Mike_Breuer\" \/>\n<meta name=\"twitter:site\" content=\"@Mike_Breuer\" \/>\n<meta name=\"twitter:label1\" content=\"Verfasst von\" \/>\n\t<meta name=\"twitter:data1\" content=\"Kommissar Lehmann\" \/>\n\t<meta name=\"twitter:label2\" content=\"Gesch\u00e4tzte Lesezeit\" \/>\n\t<meta name=\"twitter:data2\" content=\"1\u00a0Minute\" \/>\n<script type=\"application\/ld+json\" class=\"yoast-schema-graph\">{\"@context\":\"https:\/\/schema.org\",\"@graph\":[{\"@type\":\"Article\",\"@id\":\"http:\/\/elefantenmike.de\/blog\/neu-vampir-gothic-15-nicht-von-dieser-welt\/#article\",\"isPartOf\":{\"@id\":\"http:\/\/elefantenmike.de\/blog\/neu-vampir-gothic-15-nicht-von-dieser-welt\/\"},\"author\":{\"name\":\"Kommissar Lehmann\",\"@id\":\"http:\/\/elefantenmike.de\/blog\/#\/schema\/person\/ac8a790eccc150c721ef513110af1f35\"},\"headline\":\"Neu: Vampir Gothic 15: Nicht von dieser Welt\",\"datePublished\":\"2012-03-19T18:42:55+00:00\",\"dateModified\":\"2016-10-22T20:59:37+00:00\",\"mainEntityOfPage\":{\"@id\":\"http:\/\/elefantenmike.de\/blog\/neu-vampir-gothic-15-nicht-von-dieser-welt\/\"},\"wordCount\":108,\"commentCount\":0,\"publisher\":{\"@id\":\"http:\/\/elefantenmike.de\/blog\/#\/schema\/person\/ac8a790eccc150c721ef513110af1f35\"},\"image\":{\"@id\":\"http:\/\/elefantenmike.de\/blog\/neu-vampir-gothic-15-nicht-von-dieser-welt\/#primaryimage\"},\"thumbnailUrl\":\"http:\/\/elefantenmike.de\/blog\/wp-content\/uploads\/2012\/03\/VG15-201x300.jpg\",\"keywords\":[\"Vampir Gothic\"],\"articleSection\":[\"Lehmanns wildes Leben\",\"Literarisches\",\"Vampir Gothic\"],\"inLanguage\":\"de\",\"potentialAction\":[{\"@type\":\"CommentAction\",\"name\":\"Comment\",\"target\":[\"http:\/\/elefantenmike.de\/blog\/neu-vampir-gothic-15-nicht-von-dieser-welt\/#respond\"]}]},{\"@type\":\"WebPage\",\"@id\":\"http:\/\/elefantenmike.de\/blog\/neu-vampir-gothic-15-nicht-von-dieser-welt\/\",\"url\":\"http:\/\/elefantenmike.de\/blog\/neu-vampir-gothic-15-nicht-von-dieser-welt\/\",\"name\":\"Neu: Vampir Gothic 15: Nicht von dieser Welt - Kommissar Lehmann empfiehlt ...\",\"isPartOf\":{\"@id\":\"http:\/\/elefantenmike.de\/blog\/#website\"},\"primaryImageOfPage\":{\"@id\":\"http:\/\/elefantenmike.de\/blog\/neu-vampir-gothic-15-nicht-von-dieser-welt\/#primaryimage\"},\"image\":{\"@id\":\"http:\/\/elefantenmike.de\/blog\/neu-vampir-gothic-15-nicht-von-dieser-welt\/#primaryimage\"},\"thumbnailUrl\":\"http:\/\/elefantenmike.de\/blog\/wp-content\/uploads\/2012\/03\/VG15-201x300.jpg\",\"datePublished\":\"2012-03-19T18:42:55+00:00\",\"dateModified\":\"2016-10-22T20:59:37+00:00\",\"description\":\"Horror, Hupen, Trash!\",\"breadcrumb\":{\"@id\":\"http:\/\/elefantenmike.de\/blog\/neu-vampir-gothic-15-nicht-von-dieser-welt\/#breadcrumb\"},\"inLanguage\":\"de\",\"potentialAction\":[{\"@type\":\"ReadAction\",\"target\":[\"http:\/\/elefantenmike.de\/blog\/neu-vampir-gothic-15-nicht-von-dieser-welt\/\"]}]},{\"@type\":\"ImageObject\",\"inLanguage\":\"de\",\"@id\":\"http:\/\/elefantenmike.de\/blog\/neu-vampir-gothic-15-nicht-von-dieser-welt\/#primaryimage\",\"url\":\"\",\"contentUrl\":\"\"},{\"@type\":\"BreadcrumbList\",\"@id\":\"http:\/\/elefantenmike.de\/blog\/neu-vampir-gothic-15-nicht-von-dieser-welt\/#breadcrumb\",\"itemListElement\":[{\"@type\":\"ListItem\",\"position\":1,\"name\":\"Startseite\",\"item\":\"http:\/\/elefantenmike.de\/blog\/\"},{\"@type\":\"ListItem\",\"position\":2,\"name\":\"Neu: Vampir Gothic 15: Nicht von dieser Welt\"}]},{\"@type\":\"WebSite\",\"@id\":\"http:\/\/elefantenmike.de\/blog\/#website\",\"url\":\"http:\/\/elefantenmike.de\/blog\/\",\"name\":\"Kommissar Lehmann empfiehlt ...\",\"description\":\"Horror, Hupen, Trash!\",\"publisher\":{\"@id\":\"http:\/\/elefantenmike.de\/blog\/#\/schema\/person\/ac8a790eccc150c721ef513110af1f35\"},\"potentialAction\":[{\"@type\":\"SearchAction\",\"target\":{\"@type\":\"EntryPoint\",\"urlTemplate\":\"http:\/\/elefantenmike.de\/blog\/?s={search_term_string}\"},\"query-input\":{\"@type\":\"PropertyValueSpecification\",\"valueRequired\":true,\"valueName\":\"search_term_string\"}}],\"inLanguage\":\"de\"},{\"@type\":[\"Person\",\"Organization\"],\"@id\":\"http:\/\/elefantenmike.de\/blog\/#\/schema\/person\/ac8a790eccc150c721ef513110af1f35\",\"name\":\"Kommissar Lehmann\",\"image\":{\"@type\":\"ImageObject\",\"inLanguage\":\"de\",\"@id\":\"http:\/\/elefantenmike.de\/blog\/#\/schema\/person\/image\/\",\"url\":\"http:\/\/elefantenmike.de\/blog\/wp-content\/uploads\/2017\/05\/maske-dia.jpg\",\"contentUrl\":\"http:\/\/elefantenmike.de\/blog\/wp-content\/uploads\/2017\/05\/maske-dia.jpg\",\"width\":300,\"height\":315,\"caption\":\"Kommissar Lehmann\"},\"logo\":{\"@id\":\"http:\/\/elefantenmike.de\/blog\/#\/schema\/person\/image\/\"},\"description\":\"Wenn ihr euch bewegt, sehe ich das!\",\"sameAs\":[\"http:\/\/www.elefantenmike.de\"],\"url\":\"http:\/\/elefantenmike.de\/blog\/author\/kommissar-lehmann\/\"}]}<\/script>\n<!-- \/ Yoast SEO plugin. -->","yoast_head_json":{"title":"Neu: Vampir Gothic 15: Nicht von dieser Welt - Kommissar Lehmann empfiehlt ...","description":"Horror, Hupen, Trash!","robots":{"index":"index","follow":"follow","max-snippet":"max-snippet:-1","max-image-preview":"max-image-preview:large","max-video-preview":"max-video-preview:-1"},"canonical":"http:\/\/elefantenmike.de\/blog\/neu-vampir-gothic-15-nicht-von-dieser-welt\/","og_locale":"de_DE","og_type":"article","og_title":"Neu: Vampir Gothic 15: Nicht von dieser Welt - Kommissar Lehmann empfiehlt ...","og_description":"Horror, Hupen, Trash!","og_url":"http:\/\/elefantenmike.de\/blog\/neu-vampir-gothic-15-nicht-von-dieser-welt\/","og_site_name":"Kommissar Lehmann empfiehlt ...","article_published_time":"2012-03-19T18:42:55+00:00","article_modified_time":"2016-10-22T20:59:37+00:00","og_image":[{"url":"http:\/\/elefantenmike.de\/blog\/wp-content\/uploads\/2012\/03\/VG15-201x300.jpg","type":"","width":"","height":""}],"author":"Kommissar Lehmann","twitter_card":"summary_large_image","twitter_creator":"@Mike_Breuer","twitter_site":"@Mike_Breuer","twitter_misc":{"Verfasst von":"Kommissar Lehmann","Gesch\u00e4tzte Lesezeit":"1\u00a0Minute"},"schema":{"@context":"https:\/\/schema.org","@graph":[{"@type":"Article","@id":"http:\/\/elefantenmike.de\/blog\/neu-vampir-gothic-15-nicht-von-dieser-welt\/#article","isPartOf":{"@id":"http:\/\/elefantenmike.de\/blog\/neu-vampir-gothic-15-nicht-von-dieser-welt\/"},"author":{"name":"Kommissar Lehmann","@id":"http:\/\/elefantenmike.de\/blog\/#\/schema\/person\/ac8a790eccc150c721ef513110af1f35"},"headline":"Neu: Vampir Gothic 15: Nicht von dieser Welt","datePublished":"2012-03-19T18:42:55+00:00","dateModified":"2016-10-22T20:59:37+00:00","mainEntityOfPage":{"@id":"http:\/\/elefantenmike.de\/blog\/neu-vampir-gothic-15-nicht-von-dieser-welt\/"},"wordCount":108,"commentCount":0,"publisher":{"@id":"http:\/\/elefantenmike.de\/blog\/#\/schema\/person\/ac8a790eccc150c721ef513110af1f35"},"image":{"@id":"http:\/\/elefantenmike.de\/blog\/neu-vampir-gothic-15-nicht-von-dieser-welt\/#primaryimage"},"thumbnailUrl":"http:\/\/elefantenmike.de\/blog\/wp-content\/uploads\/2012\/03\/VG15-201x300.jpg","keywords":["Vampir Gothic"],"articleSection":["Lehmanns wildes Leben","Literarisches","Vampir Gothic"],"inLanguage":"de","potentialAction":[{"@type":"CommentAction","name":"Comment","target":["http:\/\/elefantenmike.de\/blog\/neu-vampir-gothic-15-nicht-von-dieser-welt\/#respond"]}]},{"@type":"WebPage","@id":"http:\/\/elefantenmike.de\/blog\/neu-vampir-gothic-15-nicht-von-dieser-welt\/","url":"http:\/\/elefantenmike.de\/blog\/neu-vampir-gothic-15-nicht-von-dieser-welt\/","name":"Neu: Vampir Gothic 15: Nicht von dieser Welt - Kommissar Lehmann empfiehlt ...","isPartOf":{"@id":"http:\/\/elefantenmike.de\/blog\/#website"},"primaryImageOfPage":{"@id":"http:\/\/elefantenmike.de\/blog\/neu-vampir-gothic-15-nicht-von-dieser-welt\/#primaryimage"},"image":{"@id":"http:\/\/elefantenmike.de\/blog\/neu-vampir-gothic-15-nicht-von-dieser-welt\/#primaryimage"},"thumbnailUrl":"http:\/\/elefantenmike.de\/blog\/wp-content\/uploads\/2012\/03\/VG15-201x300.jpg","datePublished":"2012-03-19T18:42:55+00:00","dateModified":"2016-10-22T20:59:37+00:00","description":"Horror, Hupen, Trash!","breadcrumb":{"@id":"http:\/\/elefantenmike.de\/blog\/neu-vampir-gothic-15-nicht-von-dieser-welt\/#breadcrumb"},"inLanguage":"de","potentialAction":[{"@type":"ReadAction","target":["http:\/\/elefantenmike.de\/blog\/neu-vampir-gothic-15-nicht-von-dieser-welt\/"]}]},{"@type":"ImageObject","inLanguage":"de","@id":"http:\/\/elefantenmike.de\/blog\/neu-vampir-gothic-15-nicht-von-dieser-welt\/#primaryimage","url":"","contentUrl":""},{"@type":"BreadcrumbList","@id":"http:\/\/elefantenmike.de\/blog\/neu-vampir-gothic-15-nicht-von-dieser-welt\/#breadcrumb","itemListElement":[{"@type":"ListItem","position":1,"name":"Startseite","item":"http:\/\/elefantenmike.de\/blog\/"},{"@type":"ListItem","position":2,"name":"Neu: Vampir Gothic 15: Nicht von dieser Welt"}]},{"@type":"WebSite","@id":"http:\/\/elefantenmike.de\/blog\/#website","url":"http:\/\/elefantenmike.de\/blog\/","name":"Kommissar Lehmann empfiehlt ...","description":"Horror, Hupen, Trash!","publisher":{"@id":"http:\/\/elefantenmike.de\/blog\/#\/schema\/person\/ac8a790eccc150c721ef513110af1f35"},"potentialAction":[{"@type":"SearchAction","target":{"@type":"EntryPoint","urlTemplate":"http:\/\/elefantenmike.de\/blog\/?s={search_term_string}"},"query-input":{"@type":"PropertyValueSpecification","valueRequired":true,"valueName":"search_term_string"}}],"inLanguage":"de"},{"@type":["Person","Organization"],"@id":"http:\/\/elefantenmike.de\/blog\/#\/schema\/person\/ac8a790eccc150c721ef513110af1f35","name":"Kommissar Lehmann","image":{"@type":"ImageObject","inLanguage":"de","@id":"http:\/\/elefantenmike.de\/blog\/#\/schema\/person\/image\/","url":"http:\/\/elefantenmike.de\/blog\/wp-content\/uploads\/2017\/05\/maske-dia.jpg","contentUrl":"http:\/\/elefantenmike.de\/blog\/wp-content\/uploads\/2017\/05\/maske-dia.jpg","width":300,"height":315,"caption":"Kommissar Lehmann"},"logo":{"@id":"http:\/\/elefantenmike.de\/blog\/#\/schema\/person\/image\/"},"description":"Wenn ihr euch bewegt, sehe ich das!","sameAs":["http:\/\/www.elefantenmike.de"],"url":"http:\/\/elefantenmike.de\/blog\/author\/kommissar-lehmann\/"}]}},"_links":{"self":[{"href":"http:\/\/elefantenmike.de\/blog\/wp-json\/wp\/v2\/posts\/568"}],"collection":[{"href":"http:\/\/elefantenmike.de\/blog\/wp-json\/wp\/v2\/posts"}],"about":[{"href":"http:\/\/elefantenmike.de\/blog\/wp-json\/wp\/v2\/types\/post"}],"author":[{"embeddable":true,"href":"http:\/\/elefantenmike.de\/blog\/wp-json\/wp\/v2\/users\/2"}],"replies":[{"embeddable":true,"href":"http:\/\/elefantenmike.de\/blog\/wp-json\/wp\/v2\/comments?post=568"}],"version-history":[{"count":7,"href":"http:\/\/elefantenmike.de\/blog\/wp-json\/wp\/v2\/posts\/568\/revisions"}],"predecessor-version":[{"id":872,"href":"http:\/\/elefantenmike.de\/blog\/wp-json\/wp\/v2\/posts\/568\/revisions\/872"}],"wp:attachment":[{"href":"http:\/\/elefantenmike.de\/blog\/wp-json\/wp\/v2\/media?parent=568"}],"wp:term":[{"taxonomy":"category","embeddable":true,"href":"http:\/\/elefantenmike.de\/blog\/wp-json\/wp\/v2\/categories?post=568"},{"taxonomy":"post_tag","embeddable":true,"href":"http:\/\/elefantenmike.de\/blog\/wp-json\/wp\/v2\/tags?post=568"}],"curies":[{"name":"wp","href":"https:\/\/api.w.org\/{rel}","templated":true}]}}